[{"@context":"https:\/\/schema.org\/","@type":"Article","@id":"https:\/\/www.teoli.cz\/s-kocarkem-riko-vzhuru-na-dovolenou\/#Article","mainEntityOfPage":"https:\/\/www.teoli.cz\/s-kocarkem-riko-vzhuru-na-dovolenou\/","headline":"S ko\u010d\u00e1rkem Riko vzh\u016fru na dovolenou","name":"S ko\u010d\u00e1rkem Riko vzh\u016fru na dovolenou","description":"Ko\u010d\u00e1rky Riko Basic https:\/\/zelenazirafa.cz si z\u00edskaly oblibu ji\u017e mnoha rodin a lid\u00e9, co pamatuj\u00ed \u00e9ru socialismu, si jist\u011b vybav\u00ed ty prastar\u00e9 modely, kter\u00e9 s t\u011bmi modern\u00edmi m\u016f\u017eete jen st\u011b\u017e\u00ed srovn\u00e1vat. Zam\u011b\u0159\u00edme-li se nap\u0159\u00edklad na model Brano Ecco, jen\u017e se \u0159ad\u00ed k typ\u016fm 3 v 1, \u010d\u00edm v\u00e1s dok\u00e1\u017ee oslovit? Autoseda\u010dka \u2013 ko\u010d\u00e1rky 3 v 1...<p class=\"more-link-wrap\"><a href=\"https:\/\/www.teoli.cz\/s-kocarkem-riko-vzhuru-na-dovolenou\/\" class=\"more-link\">Read More<span class=\"screen-reader-text\"> &ldquo;S ko\u010d\u00e1rkem Riko vzh\u016fru na dovolenou&rdquo;<\/span> &raquo;<\/a><\/p>","datePublished":"2023-02-19","dateModified":"2023-04-25","author":{"@type":"Person","@id":"https:\/\/www.teoli.cz\/author\/#Person","name":"","url":"https:\/\/www.teoli.cz\/author\/","identifier":1,"image":{"@type":"ImageObject","@id":"https:\/\/secure.gravatar.com\/avatar\/fb50772173929303fbe6024f179e4dd9837c71f6efc661bdb046860d442d05b5?s=96&d=mm&r=g","url":"https:\/\/secure.gravatar.com\/avatar\/fb50772173929303fbe6024f179e4dd9837c71f6efc661bdb046860d442d05b5?s=96&d=mm&r=g","height":96,"width":96}},"publisher":{"@type":"Organization","name":"teoli.cz","logo":{"@type":"ImageObject","@id":"\/logo.png","url":"\/logo.png","width":600,"height":60}},"image":{"@type":"ImageObject","@id":"https:\/\/www.teoli.cz\/wp-content\/uploads\/stroller-g137a6d823_640.jpg","url":"https:\/\/www.teoli.cz\/wp-content\/uploads\/stroller-g137a6d823_640.jpg","height":0,"width":0},"url":"https:\/\/www.teoli.cz\/s-kocarkem-riko-vzhuru-na-dovolenou\/","about":["Produkty"],"wordCount":411,"articleBody":"       Ko\u010d\u00e1rky Riko Basic https:\/\/zelenazirafa.cz si z\u00edskaly oblibu ji\u017e mnoha rodin a lid\u00e9, co pamatuj\u00ed \u00e9ru socialismu, si jist\u011b vybav\u00ed ty prastar\u00e9 modely, kter\u00e9 s t\u011bmi modern\u00edmi m\u016f\u017eete jen st\u011b\u017e\u00ed srovn\u00e1vat. Zam\u011b\u0159\u00edme-li se nap\u0159\u00edklad na model Brano Ecco, jen\u017e se \u0159ad\u00ed k typ\u016fm 3 v 1, \u010d\u00edm v\u00e1s dok\u00e1\u017ee oslovit?Autoseda\u010dka \u2013 ko\u010d\u00e1rky 3 v 1 jsou zn\u00e1m\u00e9 t\u00e9\u017e pod n\u00e1zvem trojkombinace. Sest\u00e1vaj\u00ed z klasick\u00e9 hlubok\u00e9 verze pro novoroze\u0148ata, sportovn\u00edho \u0159e\u0161en\u00ed pro odrostl\u00e1 batolata a autoseda\u010dky. Ta je u modelu Brano Ecco v cen\u011b. Autoseda\u010dku ocen\u00edte p\u0159i mnoha p\u0159\u00edle\u017eitostech a je jednou z podm\u00ednek cestov\u00e1n\u00ed s mal\u00fdmi d\u011btmi na dovolenou.Konstrukce ze slitiny hlin\u00edku \u2013 z\u00e1klad modern\u00edch ko\u010d\u00e1rk\u016f Riko tvo\u0159\u00ed nosn\u00fd r\u00e1m ze slitiny hlin\u00edku, dostate\u010dn\u011b pevn\u00e9 a z\u00e1rove\u0148 lehk\u00e9, aby zvl\u00e1dla v\u0161echna \u00faskal\u00ed r\u016fznorod\u00fdch ter\u00e9n\u016f, v nich\u017e se ko\u010d\u00e1rky pohybuj\u00ed.Velk\u00e1 robustn\u00ed kola \u2013 pr\u016fm\u011br kol je zhotoven s ohledem na nerovnosti povrchu p\u0159i j\u00edzd\u011b na proch\u00e1zk\u00e1ch v parc\u00edch, v lese nebo na poln\u00edch cest\u00e1ch. Je velmi d\u016fle\u017eit\u00e9, aby spolupracovala s odpru\u017een\u00fdm podvozkem, a aby se nezaklesla v obt\u00ed\u017en\u011bj\u0161\u00edch \u00fasec\u00edch mezi kameny, ko\u0159eny a r\u016fzn\u00fdmi v\u00fdmoly.Pohodl\u00ed pro d\u011bti i maminky \u2013 v\u00fdrobce ko\u010d\u00e1rk\u016f Riko pamatuje i na to, aby se nejen d\u011bti c\u00edtily v bezpe\u010d\u00ed a vn\u00edmaly p\u0159i j\u00edzd\u011b pohodl\u00ed, ale aby to sam\u00e9 zaznamen\u00e1valy i jejich maminky. Nezapom\u00ednejme na to, \u017ee mezi matkou a d\u00edt\u011btem zejm\u00e9na brzy po jeho narozen\u00ed vznik\u00e1 siln\u00e9 pouto, a \u017ee se navz\u00e1jem p\u0159en\u00e1\u0161\u00ed na ob\u011b bytosti emoce \u2013 ty dobr\u00e9, i ty \u0161patn\u00e9.Design &#8211; na vzhledu si producenti t\u011bchto ko\u010d\u00e1rk\u016f nechali opravdu z\u00e1le\u017eet. U modelu Brano Ecco se poda\u0159ilo d\u016fmysln\u011b sladit b\u00edlou barvu r\u00e1mu s vnit\u0159n\u00ed barvou kol, spodn\u00ed \u010d\u00e1st\u00ed korby a \u010d\u00e1st\u00ed rukojeti a n\u011bkter\u00fdm p\u0159\u00edslu\u0161enstv\u00edm, a k b\u00edl\u00e9mu z\u00e1kladu je pak dle n\u011bkolika variant mo\u017eno zvolit dal\u0161\u00ed barevn\u00e9 \u0159e\u0161en\u00ed, nap\u0159\u00edklad syt\u011b \u010derven\u00e9, tyrkysov\u00e9 \u010di hn\u011bd\u00e9. Barva ko\u010d\u00e1rk\u016f m\u00e1 velk\u00fd v\u00fdznam jak pro d\u011bti uvnit\u0159, tak i pro dosp\u011bl\u00e9 osoby, kter\u00e9 s ko\u010d\u00e1rkem manipuluj\u00ed.                                                                                                                                                                                                                                                                                                                                                                                                  "},{"@context":"https:\/\/schema.org\/","@type":"BreadcrumbList","itemListElement":[{"@type":"ListItem","position":1,"name":"S ko\u010d\u00e1rkem Riko vzh\u016fru na dovolenou","item":"https:\/\/www.teoli.cz\/s-kocarkem-riko-vzhuru-na-dovolenou\/#breadcrumbitem"}]}]