[{"@context":"https:\/\/schema.org\/","@type":"Article","@id":"https:\/\/www.teoli.cz\/preprava-sazenic\/#Article","mainEntityOfPage":"https:\/\/www.teoli.cz\/preprava-sazenic\/","headline":"P\u0159eprava sazenic.","name":"P\u0159eprava sazenic.","description":"U\u017e to za\u010dalo, venku se oteplilo a u\u017e se za\u010d\u00edn\u00e1 p\u0159ipravovat zahr\u00e1dka na p\u011bstov\u00e1n\u00ed zeleniny a pomalu za\u010d\u00ednaj\u00ed nakv\u00edtat prvn\u00ed ovocn\u00e9 stromy a ra\u0161\u00ed prvn\u00ed zelen\u00e9 l\u00edstky. Je to skv\u011bl\u00e9 obdob\u00ed, kdy je venku kr\u00e1sn\u011b a pro alergiky je v tomto obdob\u00ed hodn\u011b t\u011b\u017ek\u00e9, b\u00fdt na \u010derstv\u00e9m vzduchu. Proto\u017ee se vzduchem \u0161\u00ed\u0159\u00ed hodn\u011b pylu a...<p class=\"more-link-wrap\"><a href=\"https:\/\/www.teoli.cz\/preprava-sazenic\/\" class=\"more-link\">Read More<span class=\"screen-reader-text\"> &ldquo;P\u0159eprava sazenic.&rdquo;<\/span> &raquo;<\/a><\/p>","datePublished":"2024-03-15","dateModified":"2024-04-15","author":{"@type":"Person","@id":"https:\/\/www.teoli.cz\/author\/#Person","name":"","url":"https:\/\/www.teoli.cz\/author\/","identifier":1,"image":{"@type":"ImageObject","@id":"https:\/\/secure.gravatar.com\/avatar\/fb50772173929303fbe6024f179e4dd9837c71f6efc661bdb046860d442d05b5?s=96&d=mm&r=g","url":"https:\/\/secure.gravatar.com\/avatar\/fb50772173929303fbe6024f179e4dd9837c71f6efc661bdb046860d442d05b5?s=96&d=mm&r=g","height":96,"width":96}},"publisher":{"@type":"Organization","name":"teoli.cz","logo":{"@type":"ImageObject","@id":"\/logo.png","url":"\/logo.png","width":600,"height":60}},"image":{"@type":"ImageObject","@id":"https:\/\/www.teoli.cz\/wp-content\/uploads\/pexels-akil-mazumder-1072824(1)_1.jpg","url":"https:\/\/www.teoli.cz\/wp-content\/uploads\/pexels-akil-mazumder-1072824(1)_1.jpg","height":0,"width":0},"url":"https:\/\/www.teoli.cz\/preprava-sazenic\/","about":["Produkty"],"wordCount":475,"articleBody":"   U\u017e to za\u010dalo, venku se oteplilo a u\u017e se za\u010d\u00edn\u00e1 p\u0159ipravovat zahr\u00e1dka na p\u011bstov\u00e1n\u00ed zeleniny a pomalu za\u010d\u00ednaj\u00ed nakv\u00edtat prvn\u00ed ovocn\u00e9 stromy a ra\u0161\u00ed prvn\u00ed zelen\u00e9 l\u00edstky. Je to skv\u011bl\u00e9 obdob\u00ed, kdy je venku kr\u00e1sn\u011b a pro alergiky je v tomto obdob\u00ed hodn\u011b t\u011b\u017ek\u00e9, b\u00fdt na \u010derstv\u00e9m vzduchu. Proto\u017ee se vzduchem \u0161\u00ed\u0159\u00ed hodn\u011b pylu a v\u0161echny stromy, ale i tr\u00e1vy jsou v rozpuku, jednodu\u0161e se v\u00e1m dostanou do o\u010d\u00ed, nosu a d\u00fdchac\u00edch cest, kdy v\u00e1s nut\u00ed ke ka\u0161l\u00e1n\u00ed, k\u00fdch\u00e1n\u00ed a smrk\u00e1n\u00ed. O\u010di v\u00e1s \u0159e\u017eou a nen\u00ed to nic p\u0159\u00edjemn\u00e9ho. Mus\u00edte kontaktovat svou doktorku na alergologii a nechat si napsat l\u00e9ky, kter\u00e9 v\u00e1m v tomto obdob\u00ed nejl\u00e9pe zab\u00edraj\u00ed, ale to jsme trochu odb\u011bhly od t\u00e9matu. I lid\u00e9 s alergi\u00ed jsou do p\u0159\u00edrody a u\u017e\u00edvaj\u00ed si p\u011bkn\u00fdch dn\u016f po zimn\u00edm obdob\u00ed. Mus\u00ed se p\u0159ipravit na v\u00fdsadbu zeleniny a neprop\u00e1snout nejvhodn\u011bj\u0161\u00ed m\u011bs\u00edc. Ven v\u00e1s prost\u011b dostane slun\u00ed\u010dko a p\u011bkn\u00e9 po\u010das\u00ed. Milovn\u00edky zahrady a p\u011bstov\u00e1n\u00ed budou k nezastaven\u00ed, aby se mohli pustit na zahrad\u011b do pr\u00e1ce. Je to prost\u011b \u00fa\u017easn\u00e9 obdob\u00ed. Kdy\u017e pak vid\u00edte jak v zahradnictv\u00edch, ale i kv\u011btin\u00e1\u0159stv\u00edch se pomalu za\u010d\u00ednaj\u00ed prod\u00e1vat prvn\u00ed sazenice sal\u00e1t\u016f, kedluben, bylinek a dal\u0161\u00edch v\u011bc\u00ed, kter\u00e9 v\u00e1m na zahrad\u011b nesm\u00ed chyb\u011bt. Jste prost\u011b nad\u0161eni. Zahrada p\u0159ipravena a prvn\u00ed n\u00e1kupy se mohou rozjet. Sta\u010d\u00ed si zaj\u00edt do zahradnictv\u00ed v pravou chv\u00edli. Kdy tam se\u017eenete v\u0161echno, co na zahradu chcete. Ov\u0161em nem\u016f\u017eete p\u0159ijet jen tak, kdy\u017e v\u00edte, \u017ee si toho budete br\u00e1t v\u00edce a p\u0159evoz v igelitov\u00e9 ta\u0161ce nen\u00ed rozhodn\u011b vhodn\u00fd. Vezm\u011bte si z domu p\u0159epravku na zeleninu v\u011bt\u0161\u00ed nebo men\u0161\u00ed, podle pot\u0159eby. V t\u011bch budete m\u00edt jistotu, \u017ee se v\u00e1m sazenice nepol\u00e1mou a dovezete je dom\u016f ve skv\u011bl\u00e9m stavu. Takov\u00e1 p\u0159epravka d\u011bl\u00e1 divy. V\u011bt\u0161inou p\u0159i n\u00e1v\u0161t\u011bv\u011b zahradnictv\u00ed nez\u016fstanete jen u toho, co jste cht\u011bli, ale zal\u00edb\u00ed se v\u00e1m tam sousta dal\u0161\u00edch v\u011bc\u00ed a nakonec budete odj\u00ed\u017ed\u011bt s dv\u011bma pln\u00fdmi p\u0159epravky a to budete \u0159\u00edkat, \u017ee jste si toho m\u011bli vz\u00edt je\u0161t\u011b v\u00edc. Nejsou to jen \u017eeny, co tohle d\u011blaj\u00ed, ale i mu\u017ei, kter\u00e9 bav\u00ed zahrada. Budete pot\u0159ebovat raj\u010data, okurky, d\u00fdn\u011b, papriky, cukety, kedlubny a sal\u00e1ty a dal\u0161\u00ed v\u011bci, kdy\u017e si je nevyp\u011bstujete sami. Nepodce\u0148ujte dobrou p\u0159ipravenost.                                                                                                                                                                                                                                                                                                                                                                                                  "},{"@context":"https:\/\/schema.org\/","@type":"BreadcrumbList","itemListElement":[{"@type":"ListItem","position":1,"name":"P\u0159eprava sazenic.","item":"https:\/\/www.teoli.cz\/preprava-sazenic\/#breadcrumbitem"}]}]