[{"@context":"https:\/\/schema.org\/","@type":"Article","@id":"https:\/\/www.teoli.cz\/novy-interier-a-design\/#Article","mainEntityOfPage":"https:\/\/www.teoli.cz\/novy-interier-a-design\/","headline":"Nov\u00fd interi\u00e9r a design","name":"Nov\u00fd interi\u00e9r a design","description":"Ka\u017ed\u00fd byt je jin\u00fd a tak\u00e9 v\u00edme, \u017ee ka\u017ed\u00fd \u010dlov\u011bk je jin\u00fd. Ka\u017ed\u00fd \u010dlov\u011bk m\u00e1 jin\u00e9 z\u00e1vazky, jin\u00e9 priority a tak\u00e9 ka\u017ed\u00fd \u010dlov\u011bk m\u00e1 jin\u00fd vkus. J\u00e1 si mysl\u00edm, \u017ee kdy\u017e se zept\u00e1te t\u0159eba n\u011bjak\u00e9ho bohat\u00e9ho \u010dlov\u011bka, co by se mu l\u00edbilo m\u00edt doma, tak v\u00e1m \u0159ekne n\u011bco \u00fapln\u011b jin\u00e9ho, ne\u017e kdybyste se zeptali, co...<p class=\"more-link-wrap\"><a href=\"https:\/\/www.teoli.cz\/novy-interier-a-design\/\" class=\"more-link\">Read More<span class=\"screen-reader-text\"> &ldquo;Nov\u00fd interi\u00e9r a design&rdquo;<\/span> &raquo;<\/a><\/p>","datePublished":"2024-04-16","dateModified":"2024-05-16","author":{"@type":"Person","@id":"https:\/\/www.teoli.cz\/author\/#Person","name":"","url":"https:\/\/www.teoli.cz\/author\/","identifier":1,"image":{"@type":"ImageObject","@id":"https:\/\/secure.gravatar.com\/avatar\/fb50772173929303fbe6024f179e4dd9837c71f6efc661bdb046860d442d05b5?s=96&d=mm&r=g","url":"https:\/\/secure.gravatar.com\/avatar\/fb50772173929303fbe6024f179e4dd9837c71f6efc661bdb046860d442d05b5?s=96&d=mm&r=g","height":96,"width":96}},"publisher":{"@type":"Organization","name":"teoli.cz","logo":{"@type":"ImageObject","@id":"\/logo.png","url":"\/logo.png","width":600,"height":60}},"image":{"@type":"ImageObject","@id":"https:\/\/www.teoli.cz\/wp-content\/uploads\/decoration-1861752_1280.jpg","url":"https:\/\/www.teoli.cz\/wp-content\/uploads\/decoration-1861752_1280.jpg","height":0,"width":0},"url":"https:\/\/www.teoli.cz\/novy-interier-a-design\/","about":["D\u016fm a byt"],"wordCount":450,"articleBody":"   Ka\u017ed\u00fd byt je jin\u00fd a tak\u00e9 v\u00edme, \u017ee ka\u017ed\u00fd \u010dlov\u011bk je jin\u00fd. Ka\u017ed\u00fd \u010dlov\u011bk m\u00e1 jin\u00e9 z\u00e1vazky, jin\u00e9 priority a tak\u00e9 ka\u017ed\u00fd \u010dlov\u011bk m\u00e1 jin\u00fd vkus. J\u00e1 si mysl\u00edm, \u017ee kdy\u017e se zept\u00e1te t\u0159eba n\u011bjak\u00e9ho bohat\u00e9ho \u010dlov\u011bka, co by se mu l\u00edbilo m\u00edt doma, tak v\u00e1m \u0159ekne n\u011bco \u00fapln\u011b jin\u00e9ho, ne\u017e kdybyste se zeptali, co by se l\u00edbilo chud\u00e9mu \u010dlov\u011bkovi anebo bezdomovci. Je to opravdu r\u016fzn\u00e9. J\u00e1 sama jsem si \u0159ekla, \u017ee kdybych m\u011bla pen\u00edze, \u017ee bych si po\u0159\u00eddila n\u011bjakou men\u0161\u00ed vilu, ale kde by byl opravdu velik\u00fd baz\u00e9n tak\u00e9 velik\u00e1 zahrada. J\u00e1 sp\u00ed\u0161e db\u00e1m na to, abych m\u011bla velikou zahradu a takov\u00e9 kr\u00e1sn\u00e9 \u010dist\u00e9 prostranstv\u00ed. J\u00e1 jsem vlastn\u011b vyu\u010den\u00e1 zahradnice, a tak by m\u011b bavilo pe\u010dovat o zahradu. Brala bych to tak\u00e9 jako velikou odm\u011bnu a pr\u00e1ci sn\u016f. A potom, kdy\u017e bych bydlela v mal\u00e9 vile, tak bych si potom tak\u00e9 sehnala n\u011bjak\u00e9ho bytov\u00e9ho design\u00e9ra. Cht\u011bla bych bytov\u00e9ho design\u00e9ra z Prahy. A pokud i vy tou\u017e\u00edte po n\u011bjak\u00e9m pra\u017eskou pra\u017esk\u00e9m bytov\u00e9m design\u00e9ru, tak se koukn\u011bte pro m\u011b na webov\u00e9 str\u00e1nky evalofa.com a tam najdete opravdu \u0161pi\u010dkov\u00e9 design\u00e9ry. A pokud tak\u00e9 budete pot\u0159ebovat n\u011bjak\u00e9ho bytov\u00e9ho architekta nebo bytov\u00e9ho design\u00e9ra, tak se tak\u00e9 m\u016f\u017eete kouknout na r\u016fzn\u00e9 recenze, proto\u017ee u\u017e i recenze v\u00e1m napov\u00ed, kdo bude skv\u011bl\u00fd a kdo se v\u00e1m vyplat\u00ed a jak\u00fd interi\u00e9rov\u00fd design by se pro v\u00e1s hodil. Chcete m\u00edt v\u00e1\u0161 byt v minimalismu anebo ho chcete m\u00edt za\u0159\u00edzen\u00fd \u00fapln\u011b jinak? Samoz\u0159ejm\u011b, \u017ee v dne\u0161n\u00ed dob\u011b u\u017e tak\u00e9 m\u016f\u017eete m\u00edt byt za\u0159\u00edzen\u00fd tak, \u017ee bude t\u0159eba v rustik\u00e1ln\u00edm stylu nebo v barokn\u00edm stylu nebo v romantick\u00e9m stavu. Bytov\u00fd design v Praze je tak\u00e9 opravdu hodn\u011b kvalitn\u00ed, je na vysok\u00e9 \u00farovni a tak\u00e9 jsem se dozv\u011bd\u011bla, \u017ee i celebrity vyu\u017e\u00edvaj\u00ed slu\u017eeb tohoto bytov\u00e9ho designu v Praze. \u0158ekla jsem si, \u017ee to mus\u00ed b\u00fdt asi opravdu hodn\u011b kvalitn\u00ed, tak\u017ee jsem si s nimi domluvila sch\u016fzku. Kdy\u017e jsem vid\u011bla jejich fotografie, kde m\u011bli jejich n\u00e1vrhy, tak jsem byla opravdu unesen\u00e1. Je to opravdu kr\u00e1sn\u00e9. Mysl\u00edm si, \u017ee i kdybyste vy cht\u011bli jin\u00fd design doma nebo interi\u00e9r, tak tato firma bytov\u00fd design v Praze v\u00e1m ud\u011bl\u00e1 opravdu doma z\u00e1zrak.                                                                                                                                                                                                                                                                                                                                                                                                   "},{"@context":"https:\/\/schema.org\/","@type":"BreadcrumbList","itemListElement":[{"@type":"ListItem","position":1,"name":"Nov\u00fd interi\u00e9r a design","item":"https:\/\/www.teoli.cz\/novy-interier-a-design\/#breadcrumbitem"}]}]